[{"command":"insert","method":"replaceWith","selector":".js-silpc-calendar","data":"\n\u003Cdiv\n  class=\u0022silpc-calendar-wrapper bg-secondary-light color-primary-dark js-silpc-calendar\u0022\u003E\n\n        \u003Cdiv class=\u0022silpc-calendar-pagination-wrapper\u0022\u003E\n      \u003Cdiv class=\u0022silpc-calendar-pagination\u0022\u003E\n                  \u003Ca href=\u0022\/index.php\/calendar-ajax\/2026\/9\u0022\n             class=\u0022silpc-calendar-paginate silpc-calendar-paginate-prev js-silpc-calendar-paginate use-ajax\u0022\u003E\n            \u003Cspan class=\u0022silpc-calendar-paginate-icon icon-chevron-left\u0022\n                  aria-hidden=\u0022true\u0022\u003E\u003C\/span\u003E\n            \u003Cspan\n              class=\u0022visually-hidden\u0022\u003EMois pr\u00e9c\u00e9dent\u003C\/span\u003E\n          \u003C\/a\u003E\n        \n        \u003Cdiv\n          class=\u0022silpc-calendar-paginate-current font-secondary-bold t-size-strong\u0022\n          aria-live=\u0022polite\u0022\n          aria-atomic=\u0022true\u0022\u003EOctobre 2026\u003C\/div\u003E\n\n                  \u003Ca href=\u0022\/index.php\/calendar-ajax\/2026\/11\u0022\n             class=\u0022silpc-calendar-paginate silpc-calendar-paginate-next js-silpc-calendar-paginate use-ajax\u0022\u003E\n            \u003Cspan class=\u0022silpc-calendar-paginate-icon icon-chevron-right\u0022\n                  aria-hidden=\u0022true\u0022\u003E\u003C\/span\u003E\n            \u003Cspan\n              class=\u0022visually-hidden\u0022\u003EMois suivant\u003C\/span\u003E\n          \u003C\/a\u003E\n              \u003C\/div\u003E\n    \u003C\/div\u003E\n  \n\n  \u003Ctable class=\u0022silpc-calendar\u0022\u003E\n              \u003Cthead\u003E\n      \u003Ctr class=\u0022silpc-calendar-header\u0022\u003E\n                              \u003Cth\n              class=\u0022silpc-calendar-cell font-primary-bold t-size-xsmall silpc-calendar-header-cell bg-secondary-light color-primary-dark\u0022\u003ELun\u003C\/th\u003E\n                                        \u003Cth\n              class=\u0022silpc-calendar-cell font-primary-bold t-size-xsmall silpc-calendar-header-cell bg-secondary-light color-primary-dark\u0022\u003EMar\u003C\/th\u003E\n                                        \u003Cth\n              class=\u0022silpc-calendar-cell font-primary-bold t-size-xsmall silpc-calendar-header-cell bg-secondary-light color-primary-dark\u0022\u003EMer\u003C\/th\u003E\n                                        \u003Cth\n              class=\u0022silpc-calendar-cell font-primary-bold t-size-xsmall silpc-calendar-header-cell bg-secondary-light color-primary-dark\u0022\u003EJeu\u003C\/th\u003E\n                                        \u003Cth\n              class=\u0022silpc-calendar-cell font-primary-bold t-size-xsmall silpc-calendar-header-cell bg-secondary-light color-primary-dark\u0022\u003EVen\u003C\/th\u003E\n                                        \u003Cth\n              class=\u0022silpc-calendar-cell font-primary-bold t-size-xsmall silpc-calendar-header-cell bg-secondary-light color-primary-dark\u0022\u003ESam\u003C\/th\u003E\n                                                          \u003Cth\n              class=\u0022silpc-calendar-cell font-primary-bold t-size-xsmall silpc-calendar-header-cell bg-secondary-light color-primary-dark\u0022\u003EDim\u003C\/th\u003E\n                        \u003C\/tr\u003E\n      \u003C\/thead\u003E\n    \n              \u003Ctbody\u003E\n              \n                          \u003Ctr class=\u0022silpc-calendar-row\u0022\u003E\n        \n        \n\n                \u003Ctd class=\u0022silpc-calendar-cell silpc-calendar-cell-othermonth bg-gray-lighter\u0022\u003E\n\n          \n          \u003Cdiv class=\u0022silpc-calendar-cell-content\u0022\u003E\n            \n                          28\n              \u003Cspan class=\u0022visually-hidden\u0022\u003Eseptembre 2026\u003C\/span\u003E\n\n                              \u003Cspan class=\u0022silpc-calendar-points\u0022 aria-hidden=\u0022true\u0022\u003E\n                                                      \u003Cspan\n                      class=\u0022silpc-calendar-point silpc-calendar-point-blank\u0022\n                      aria-hidden=\u0022true\u0022\u003E\u003C\/span\u003E\n                                                                        \u003Cspan\n                      class=\u0022silpc-calendar-point silpc-calendar-point-blank\u0022\n                      aria-hidden=\u0022true\u0022\u003E\u003C\/span\u003E\n                                                \u003C\/span\u003E\n                          \n\n                        \n          \u003C\/div\u003E\n\n\n        \u003C\/td\u003E\n\n                \n              \n                \n        \n\n                \u003Ctd class=\u0022silpc-calendar-cell silpc-calendar-cell-othermonth bg-gray-lighter\u0022\u003E\n\n          \n          \u003Cdiv class=\u0022silpc-calendar-cell-content\u0022\u003E\n            \n                          29\n              \u003Cspan class=\u0022visually-hidden\u0022\u003Eseptembre 2026\u003C\/span\u003E\n\n                              \u003Cspan class=\u0022silpc-calendar-points\u0022 aria-hidden=\u0022true\u0022\u003E\n                                                      \u003Cspan\n                      class=\u0022silpc-calendar-point silpc-calendar-point-blank\u0022\n                      aria-hidden=\u0022true\u0022\u003E\u003C\/span\u003E\n                                                                        \u003Cspan\n                      class=\u0022silpc-calendar-point silpc-calendar-point-blank\u0022\n                      aria-hidden=\u0022true\u0022\u003E\u003C\/span\u003E\n                                                \u003C\/span\u003E\n                          \n\n                        \n          \u003C\/div\u003E\n\n\n        \u003C\/td\u003E\n\n                \n              \n                \n        \n\n                \u003Ctd class=\u0022silpc-calendar-cell silpc-calendar-cell-othermonth bg-gray-lighter\u0022\u003E\n\n          \n          \u003Cdiv class=\u0022silpc-calendar-cell-content\u0022\u003E\n            \n                          30\n              \u003Cspan class=\u0022visually-hidden\u0022\u003Eseptembre 2026\u003C\/span\u003E\n\n                              \u003Cspan class=\u0022silpc-calendar-points\u0022 aria-hidden=\u0022true\u0022\u003E\n                                                      \u003Cspan\n                      class=\u0022silpc-calendar-point silpc-calendar-point-blank\u0022\n                      aria-hidden=\u0022true\u0022\u003E\u003C\/span\u003E\n                                                                        \u003Cspan\n                      class=\u0022silpc-calendar-point silpc-calendar-point-blank\u0022\n                      aria-hidden=\u0022true\u0022\u003E\u003C\/span\u003E\n                                                \u003C\/span\u003E\n                          \n\n                        \n          \u003C\/div\u003E\n\n\n        \u003C\/td\u003E\n\n                \n              \n                \n        \n\n                \u003Ctd class=\u0022silpc-calendar-cell has-points bg-secondary-hover color-white-hover\u0022\u003E\n\n          \n          \u003Cdiv class=\u0022silpc-calendar-cell-content\u0022\u003E\n            \n                        \u003Cbutton data-id=\u0022calendar-01\u0022\n                    aria-expanded=\u0022false\u0022\n                    aria-controls=\u0022calendar-01\u0022\u003E              01\n              \u003Cspan class=\u0022visually-hidden\u0022\u003Eoctobre 2026\u003C\/span\u003E\n\n                              \u003Cspan class=\u0022silpc-calendar-points\u0022 aria-hidden=\u0022true\u0022\u003E\n                                                      \u003Cspan\n                      class=\u0022silpc-calendar-point silpc-calendar-point-blank\u0022\n                      aria-hidden=\u0022true\u0022\u003E\u003C\/span\u003E\n                                                                                                                \u003Cspan data-nid=\u0022826\u0022 class=\u0022silpc-calendar-point silpc-calendar-point-start silpc-calendar-point-end\u0022\n                          aria-hidden=\u0022true\u0022\n                          style=\u0022background-color: #F5ADA8;\u0022\u003E\u003C\/span\u003E\n                                                \u003C\/span\u003E\n                                          \u003C\/button\u003E\n            \n\n                                                    \u003Cdiv hidden id=\u0022calendar-01\u0022\n                   data-id=\u0022calendar-01\u0022\n                   class=\u0022silpc-calendar-events\u0022\u003E\n                                  \u003Cdiv class=\u0022silpc-calendar-event\u0022\u003E\n                    \n          \n\u003Carticle class=\u0022node node--type-news-events node--view-mode-news-popup-calendar calendar-popup-event\u0022\u003E\n\n      \u003Cdiv style=\u0022background-color: #F5ADA8; color: #000000;\u0022 class=\u0022silpc-news-theme\u0022\u003ESensibilisation\u003C\/div\u003E\n  \n  \u003Cdiv class=\u0022silpc-news-content\u0022\u003E\n    \u003Ca href=\u0022\/ressources\/sensibilisation-focus-sur-les-alimentations-therapeutiques-2\u0022 class=\u0022silpc-news-link silpc-news-title automatic-title\u0022\u003E\n      \u003Cspan class=\u0022field field--name-title field--type-string field--label-hidden\u0022\u003ESensibilisation \u0026quot;Focus sur les alimentations th\u00e9rapeutiques\u0026quot;\u003C\/span\u003E\n\n      \u003Cspan role=\u0022presentation\u0022 aria-hidden=\u0022true\u0022 class=\u0022silpc-read-more read-more-icon\u0022\u003E\u003C\/span\u003E\n    \u003C\/a\u003E\n\n          \u003Cdiv\n  class=\u0022silpc-news-dates-inline color-primary font-primary-regular t-size-body\u0022\u003E\n  01 Oct 2026\n  \u003C\/div\u003E\n\n      \u003C\/div\u003E\n\n\u003C\/article\u003E\n\n                  \u003C\/div\u003E\n                              \u003C\/div\u003E\n            \n          \u003C\/div\u003E\n\n\n        \u003C\/td\u003E\n\n                \n              \n                \n        \n\n                \u003Ctd class=\u0022silpc-calendar-cell has-points bg-secondary-hover color-white-hover\u0022\u003E\n\n          \n          \u003Cdiv class=\u0022silpc-calendar-cell-content\u0022\u003E\n            \n                        \u003Cbutton data-id=\u0022calendar-02\u0022\n                    aria-expanded=\u0022false\u0022\n                    aria-controls=\u0022calendar-02\u0022\u003E              02\n              \u003Cspan class=\u0022visually-hidden\u0022\u003Eoctobre 2026\u003C\/span\u003E\n\n                              \u003Cspan class=\u0022silpc-calendar-points\u0022 aria-hidden=\u0022true\u0022\u003E\n                                                                                              \u003Cspan data-nid=\u00224-795\u0022 class=\u0022silpc-calendar-point silpc-calendar-point-start silpc-calendar-point-end\u0022\n                          aria-hidden=\u0022true\u0022\n                          style=\u0022background-color: #534266;\u0022\u003E\u003C\/span\u003E\n                                                                                                                \u003Cspan data-nid=\u00225-878\u0022 class=\u0022silpc-calendar-point silpc-calendar-point-start silpc-calendar-point-end\u0022\n                          aria-hidden=\u0022true\u0022\n                          style=\u0022background-color: #F5ADA8;\u0022\u003E\u003C\/span\u003E\n                                                \u003C\/span\u003E\n                                          \u003C\/button\u003E\n            \n\n                                                    \u003Cdiv hidden id=\u0022calendar-02\u0022\n                   data-id=\u0022calendar-02\u0022\n                   class=\u0022silpc-calendar-events\u0022\u003E\n                                  \u003Cdiv class=\u0022silpc-calendar-event\u0022\u003E\n                    \n          \n\u003Carticle class=\u0022node node--type-news-events node--view-mode-news-popup-calendar calendar-popup-event\u0022\u003E\n\n      \u003Cdiv style=\u0022background-color: #534266; color: #FFFFFF;\u0022 class=\u0022silpc-news-theme\u0022\u003EFormations\u003C\/div\u003E\n  \n  \u003Cdiv class=\u0022silpc-news-content\u0022\u003E\n    \u003Ca href=\u0022\/ressources\/formation-comment-reperer-les-troubles-de-la-deglutition-et-quelles-textures-33\u0022 class=\u0022silpc-news-link silpc-news-title automatic-title\u0022\u003E\n      \u003Cspan class=\u0022field field--name-title field--type-string field--label-hidden\u0022\u003EFormation \u0026quot;Comment rep\u00e9rer les troubles de la d\u00e9glutition et quelles textures alimentaire pr\u00e9coniser ?\u0026quot;\u003C\/span\u003E\n\n      \u003Cspan role=\u0022presentation\u0022 aria-hidden=\u0022true\u0022 class=\u0022silpc-read-more read-more-icon\u0022\u003E\u003C\/span\u003E\n    \u003C\/a\u003E\n\n          \u003Cdiv\n  class=\u0022silpc-news-dates-inline color-primary font-primary-regular t-size-body\u0022\u003E\n  02 Oct 2026\n  \u003C\/div\u003E\n\n      \u003C\/div\u003E\n\n\u003C\/article\u003E\n\n                  \u003C\/div\u003E\n                                  \u003Cdiv class=\u0022silpc-calendar-event\u0022\u003E\n                    \n          \n\u003Carticle class=\u0022node node--type-news-events node--view-mode-news-popup-calendar calendar-popup-event\u0022\u003E\n\n      \u003Cdiv style=\u0022background-color: #F5ADA8; color: #000000;\u0022 class=\u0022silpc-news-theme\u0022\u003ESensibilisation\u003C\/div\u003E\n  \n  \u003Cdiv class=\u0022silpc-news-content\u0022\u003E\n    \u003Ca href=\u0022\/ressources\/sensibilisation-les-textures-26\u0022 class=\u0022silpc-news-link silpc-news-title automatic-title\u0022\u003E\n      \u003Cspan class=\u0022field field--name-title field--type-string field--label-hidden\u0022\u003ESensibilisation \u0026quot;Les textures\u0026quot;\u003C\/span\u003E\n\n      \u003Cspan role=\u0022presentation\u0022 aria-hidden=\u0022true\u0022 class=\u0022silpc-read-more read-more-icon\u0022\u003E\u003C\/span\u003E\n    \u003C\/a\u003E\n\n          \u003Cdiv\n  class=\u0022silpc-news-dates-inline color-primary font-primary-regular t-size-body\u0022\u003E\n  02 Oct 2026\n  \u003C\/div\u003E\n\n      \u003C\/div\u003E\n\n\u003C\/article\u003E\n\n                  \u003C\/div\u003E\n                              \u003C\/div\u003E\n            \n          \u003C\/div\u003E\n\n\n        \u003C\/td\u003E\n\n                \n              \n                \n        \n\n                \u003Ctd class=\u0022silpc-calendar-cell\u0022\u003E\n\n          \n          \u003Cdiv class=\u0022silpc-calendar-cell-content\u0022\u003E\n            \n                          03\n              \u003Cspan class=\u0022visually-hidden\u0022\u003Eoctobre 2026\u003C\/span\u003E\n\n                              \u003Cspan class=\u0022silpc-calendar-points\u0022 aria-hidden=\u0022true\u0022\u003E\n                                                      \u003Cspan\n                      class=\u0022silpc-calendar-point silpc-calendar-point-blank\u0022\n                      aria-hidden=\u0022true\u0022\u003E\u003C\/span\u003E\n                                                                        \u003Cspan\n                      class=\u0022silpc-calendar-point silpc-calendar-point-blank\u0022\n                      aria-hidden=\u0022true\u0022\u003E\u003C\/span\u003E\n                                                \u003C\/span\u003E\n                          \n\n                        \n          \u003C\/div\u003E\n\n\n        \u003C\/td\u003E\n\n                \n              \n                \n        \n\n                \u003Ctd class=\u0022silpc-calendar-cell\u0022\u003E\n\n          \n          \u003Cdiv class=\u0022silpc-calendar-cell-content\u0022\u003E\n            \n                          04\n              \u003Cspan class=\u0022visually-hidden\u0022\u003Eoctobre 2026\u003C\/span\u003E\n\n                              \u003Cspan class=\u0022silpc-calendar-points\u0022 aria-hidden=\u0022true\u0022\u003E\n                                                      \u003Cspan\n                      class=\u0022silpc-calendar-point silpc-calendar-point-blank\u0022\n                      aria-hidden=\u0022true\u0022\u003E\u003C\/span\u003E\n                                                                        \u003Cspan\n                      class=\u0022silpc-calendar-point silpc-calendar-point-blank\u0022\n                      aria-hidden=\u0022true\u0022\u003E\u003C\/span\u003E\n                                                \u003C\/span\u003E\n                          \n\n                        \n          \u003C\/div\u003E\n\n\n        \u003C\/td\u003E\n\n                          \u003C\/tr\u003E\n        \n              \n                          \u003Ctr class=\u0022silpc-calendar-row\u0022\u003E\n        \n        \n\n                \u003Ctd class=\u0022silpc-calendar-cell\u0022\u003E\n\n          \n          \u003Cdiv class=\u0022silpc-calendar-cell-content\u0022\u003E\n            \n                          05\n              \u003Cspan class=\u0022visually-hidden\u0022\u003Eoctobre 2026\u003C\/span\u003E\n\n                              \u003Cspan class=\u0022silpc-calendar-points\u0022 aria-hidden=\u0022true\u0022\u003E\n                                                      \u003Cspan\n                      class=\u0022silpc-calendar-point silpc-calendar-point-blank\u0022\n                      aria-hidden=\u0022true\u0022\u003E\u003C\/span\u003E\n                                                                        \u003Cspan\n                      class=\u0022silpc-calendar-point silpc-calendar-point-blank\u0022\n                      aria-hidden=\u0022true\u0022\u003E\u003C\/span\u003E\n                                                \u003C\/span\u003E\n                          \n\n                        \n          \u003C\/div\u003E\n\n\n        \u003C\/td\u003E\n\n                \n              \n                \n        \n\n                \u003Ctd class=\u0022silpc-calendar-cell has-points bg-secondary-hover color-white-hover\u0022\u003E\n\n          \n          \u003Cdiv class=\u0022silpc-calendar-cell-content\u0022\u003E\n            \n                        \u003Cbutton data-id=\u0022calendar-06\u0022\n                    aria-expanded=\u0022false\u0022\n                    aria-controls=\u0022calendar-06\u0022\u003E              06\n              \u003Cspan class=\u0022visually-hidden\u0022\u003Eoctobre 2026\u003C\/span\u003E\n\n                              \u003Cspan class=\u0022silpc-calendar-points\u0022 aria-hidden=\u0022true\u0022\u003E\n                                                                                              \u003Cspan data-nid=\u00221-775\u0022 class=\u0022silpc-calendar-point silpc-calendar-point-start silpc-calendar-point-end\u0022\n                          aria-hidden=\u0022true\u0022\n                          style=\u0022background-color: #534266;\u0022\u003E\u003C\/span\u003E\n                                                                                                                \u003Cspan data-nid=\u00221-788\u0022 class=\u0022silpc-calendar-point silpc-calendar-point-start silpc-calendar-point-end\u0022\n                          aria-hidden=\u0022true\u0022\n                          style=\u0022background-color: #534266;\u0022\u003E\u003C\/span\u003E\n                                                \u003C\/span\u003E\n                                          \u003C\/button\u003E\n            \n\n                                                    \u003Cdiv hidden id=\u0022calendar-06\u0022\n                   data-id=\u0022calendar-06\u0022\n                   class=\u0022silpc-calendar-events\u0022\u003E\n                                  \u003Cdiv class=\u0022silpc-calendar-event\u0022\u003E\n                    \n          \n\u003Carticle class=\u0022node node--type-news-events node--view-mode-news-popup-calendar calendar-popup-event\u0022\u003E\n\n      \u003Cdiv style=\u0022background-color: #534266; color: #FFFFFF;\u0022 class=\u0022silpc-news-theme\u0022\u003EFormations\u003C\/div\u003E\n  \n  \u003Cdiv class=\u0022silpc-news-content\u0022\u003E\n    \u003Ca href=\u0022\/ressources\/formation-denutrition-de-la-personne-agee-34\u0022 class=\u0022silpc-news-link silpc-news-title automatic-title\u0022\u003E\n      \u003Cspan class=\u0022field field--name-title field--type-string field--label-hidden\u0022\u003EFormation \u0026quot;D\u00e9nutrition de la personne \u00e2g\u00e9e\u0026quot;\u003C\/span\u003E\n\n      \u003Cspan role=\u0022presentation\u0022 aria-hidden=\u0022true\u0022 class=\u0022silpc-read-more read-more-icon\u0022\u003E\u003C\/span\u003E\n    \u003C\/a\u003E\n\n          \u003Cdiv\n  class=\u0022silpc-news-dates-inline color-primary font-primary-regular t-size-body\u0022\u003E\n  06 Oct 2026\n  \u003C\/div\u003E\n\n      \u003C\/div\u003E\n\n\u003C\/article\u003E\n\n                  \u003C\/div\u003E\n                                  \u003Cdiv class=\u0022silpc-calendar-event\u0022\u003E\n                    \n          \n\u003Carticle class=\u0022node node--type-news-events node--view-mode-news-popup-calendar calendar-popup-event\u0022\u003E\n\n      \u003Cdiv style=\u0022background-color: #534266; color: #FFFFFF;\u0022 class=\u0022silpc-news-theme\u0022\u003EFormations\u003C\/div\u003E\n  \n  \u003Cdiv class=\u0022silpc-news-content\u0022\u003E\n    \u003Ca href=\u0022\/ressources\/formation-le-service-du-repas-51\u0022 class=\u0022silpc-news-link silpc-news-title automatic-title\u0022\u003E\n      \u003Cspan class=\u0022field field--name-title field--type-string field--label-hidden\u0022\u003EFormation \u0026quot;Le service du repas\u0026quot;\u003C\/span\u003E\n\n      \u003Cspan role=\u0022presentation\u0022 aria-hidden=\u0022true\u0022 class=\u0022silpc-read-more read-more-icon\u0022\u003E\u003C\/span\u003E\n    \u003C\/a\u003E\n\n          \u003Cdiv\n  class=\u0022silpc-news-dates-inline color-primary font-primary-regular t-size-body\u0022\u003E\n  06 Oct 2026\n  \u003C\/div\u003E\n\n      \u003C\/div\u003E\n\n\u003C\/article\u003E\n\n                  \u003C\/div\u003E\n                              \u003C\/div\u003E\n            \n          \u003C\/div\u003E\n\n\n        \u003C\/td\u003E\n\n                \n              \n                \n        \n\n                \u003Ctd class=\u0022silpc-calendar-cell has-points bg-secondary-hover color-white-hover\u0022\u003E\n\n          \n          \u003Cdiv class=\u0022silpc-calendar-cell-content\u0022\u003E\n                          \u003Cdiv class=\u0022silpc-calendar-cell-plus bg-error t-size-xxsmall\u0022\n                   aria-hidden=\u0022true\u0022\u003E\n                +2\u003C\/div\u003E\n            \n                        \u003Cbutton data-id=\u0022calendar-07\u0022\n                    aria-expanded=\u0022false\u0022\n                    aria-controls=\u0022calendar-07\u0022\u003E              07\n              \u003Cspan class=\u0022visually-hidden\u0022\u003Eoctobre 2026\u003C\/span\u003E\n\n                              \u003Cspan class=\u0022silpc-calendar-points\u0022 aria-hidden=\u0022true\u0022\u003E\n                                                                                              \u003Cspan data-nid=\u00224-776\u0022 class=\u0022silpc-calendar-point silpc-calendar-point-start silpc-calendar-point-end\u0022\n                          aria-hidden=\u0022true\u0022\n                          style=\u0022background-color: #534266;\u0022\u003E\u003C\/span\u003E\n                                                                                                                \u003Cspan data-nid=\u00225-796\u0022 class=\u0022silpc-calendar-point silpc-calendar-point-start silpc-calendar-point-end\u0022\n                          aria-hidden=\u0022true\u0022\n                          style=\u0022background-color: #534266;\u0022\u003E\u003C\/span\u003E\n                                                \u003C\/span\u003E\n                                          \u003C\/button\u003E\n            \n\n                                                    \u003Cdiv hidden id=\u0022calendar-07\u0022\n                   data-id=\u0022calendar-07\u0022\n                   class=\u0022silpc-calendar-events\u0022\u003E\n                                  \u003Cdiv class=\u0022silpc-calendar-event\u0022\u003E\n                    \n          \n\u003Carticle class=\u0022node node--type-news-events node--view-mode-news-popup-calendar calendar-popup-event\u0022\u003E\n\n      \u003Cdiv style=\u0022background-color: #534266; color: #FFFFFF;\u0022 class=\u0022silpc-news-theme\u0022\u003EFormations\u003C\/div\u003E\n  \n  \u003Cdiv class=\u0022silpc-news-content\u0022\u003E\n    \u003Ca href=\u0022\/ressources\/formation-denutrition-de-la-personne-agee-35\u0022 class=\u0022silpc-news-link silpc-news-title automatic-title\u0022\u003E\n      \u003Cspan class=\u0022field field--name-title field--type-string field--label-hidden\u0022\u003EFormation \u0026quot;D\u00e9nutrition de la personne \u00e2g\u00e9e\u0026quot;\u003C\/span\u003E\n\n      \u003Cspan role=\u0022presentation\u0022 aria-hidden=\u0022true\u0022 class=\u0022silpc-read-more read-more-icon\u0022\u003E\u003C\/span\u003E\n    \u003C\/a\u003E\n\n          \u003Cdiv\n  class=\u0022silpc-news-dates-inline color-primary font-primary-regular t-size-body\u0022\u003E\n  07 Oct 2026\n  \u003C\/div\u003E\n\n      \u003C\/div\u003E\n\n\u003C\/article\u003E\n\n                  \u003C\/div\u003E\n                                  \u003Cdiv class=\u0022silpc-calendar-event\u0022\u003E\n                    \n          \n\u003Carticle class=\u0022node node--type-news-events node--view-mode-news-popup-calendar calendar-popup-event\u0022\u003E\n\n      \u003Cdiv style=\u0022background-color: #534266; color: #FFFFFF;\u0022 class=\u0022silpc-news-theme\u0022\u003EFormations\u003C\/div\u003E\n  \n  \u003Cdiv class=\u0022silpc-news-content\u0022\u003E\n    \u003Ca href=\u0022\/ressources\/formation-comment-reperer-les-troubles-de-la-deglutition-et-quelles-textures-34\u0022 class=\u0022silpc-news-link silpc-news-title automatic-title\u0022\u003E\n      \u003Cspan class=\u0022field field--name-title field--type-string field--label-hidden\u0022\u003EFormation \u0026quot;Comment rep\u00e9rer les troubles de la d\u00e9glutition et quelles textures alimentaire pr\u00e9coniser ?\u0026quot;\u003C\/span\u003E\n\n      \u003Cspan role=\u0022presentation\u0022 aria-hidden=\u0022true\u0022 class=\u0022silpc-read-more read-more-icon\u0022\u003E\u003C\/span\u003E\n    \u003C\/a\u003E\n\n          \u003Cdiv\n  class=\u0022silpc-news-dates-inline color-primary font-primary-regular t-size-body\u0022\u003E\n  07 Oct 2026\n  \u003C\/div\u003E\n\n      \u003C\/div\u003E\n\n\u003C\/article\u003E\n\n                  \u003C\/div\u003E\n                                  \u003Cdiv class=\u0022silpc-calendar-event\u0022\u003E\n                    \n          \n\u003Carticle class=\u0022node node--type-news-events node--view-mode-news-popup-calendar calendar-popup-event\u0022\u003E\n\n      \u003Cdiv style=\u0022background-color: #F5ADA8; color: #000000;\u0022 class=\u0022silpc-news-theme\u0022\u003ESensibilisation\u003C\/div\u003E\n  \n  \u003Cdiv class=\u0022silpc-news-content\u0022\u003E\n    \u003Ca href=\u0022\/ressources\/sensibilisation-les-besoins-nutritionnels-13\u0022 class=\u0022silpc-news-link silpc-news-title automatic-title\u0022\u003E\n      \u003Cspan class=\u0022field field--name-title field--type-string field--label-hidden\u0022\u003ESensibilisation \u0026quot;Les besoins nutritionnels\u0026quot;\u003C\/span\u003E\n\n      \u003Cspan role=\u0022presentation\u0022 aria-hidden=\u0022true\u0022 class=\u0022silpc-read-more read-more-icon\u0022\u003E\u003C\/span\u003E\n    \u003C\/a\u003E\n\n          \u003Cdiv\n  class=\u0022silpc-news-dates-inline color-primary font-primary-regular t-size-body\u0022\u003E\n  07 Oct 2026\n  \u003C\/div\u003E\n\n      \u003C\/div\u003E\n\n\u003C\/article\u003E\n\n                  \u003C\/div\u003E\n                                  \u003Cdiv class=\u0022silpc-calendar-event\u0022\u003E\n                    \n          \n\u003Carticle class=\u0022node node--type-news-events node--view-mode-news-popup-calendar calendar-popup-event\u0022\u003E\n\n      \u003Cdiv style=\u0022background-color: #F5ADA8; color: #000000;\u0022 class=\u0022silpc-news-theme\u0022\u003ESensibilisation\u003C\/div\u003E\n  \n  \u003Cdiv class=\u0022silpc-news-content\u0022\u003E\n    \u003Ca href=\u0022\/ressources\/sensibilisation-les-troubles-de-la-deglutition-25\u0022 class=\u0022silpc-news-link silpc-news-title automatic-title\u0022\u003E\n      \u003Cspan class=\u0022field field--name-title field--type-string field--label-hidden\u0022\u003ESensibilisation \u0026quot;Les troubles de la d\u00e9glutition\u0026quot;\u003C\/span\u003E\n\n      \u003Cspan role=\u0022presentation\u0022 aria-hidden=\u0022true\u0022 class=\u0022silpc-read-more read-more-icon\u0022\u003E\u003C\/span\u003E\n    \u003C\/a\u003E\n\n          \u003Cdiv\n  class=\u0022silpc-news-dates-inline color-primary font-primary-regular t-size-body\u0022\u003E\n  07 Oct 2026\n  \u003C\/div\u003E\n\n      \u003C\/div\u003E\n\n\u003C\/article\u003E\n\n                  \u003C\/div\u003E\n                              \u003C\/div\u003E\n            \n          \u003C\/div\u003E\n\n\n        \u003C\/td\u003E\n\n                \n              \n                \n        \n\n                \u003Ctd class=\u0022silpc-calendar-cell has-points bg-secondary-hover color-white-hover\u0022\u003E\n\n          \n          \u003Cdiv class=\u0022silpc-calendar-cell-content\u0022\u003E\n            \n                        \u003Cbutton data-id=\u0022calendar-08\u0022\n                    aria-expanded=\u0022false\u0022\n                    aria-controls=\u0022calendar-08\u0022\u003E              08\n              \u003Cspan class=\u0022visually-hidden\u0022\u003Eoctobre 2026\u003C\/span\u003E\n\n                              \u003Cspan class=\u0022silpc-calendar-points\u0022 aria-hidden=\u0022true\u0022\u003E\n                                                      \u003Cspan\n                      class=\u0022silpc-calendar-point silpc-calendar-point-blank\u0022\n                      aria-hidden=\u0022true\u0022\u003E\u003C\/span\u003E\n                                                                                                                \u003Cspan data-nid=\u0022789\u0022 class=\u0022silpc-calendar-point silpc-calendar-point-start silpc-calendar-point-end\u0022\n                          aria-hidden=\u0022true\u0022\n                          style=\u0022background-color: #534266;\u0022\u003E\u003C\/span\u003E\n                                                \u003C\/span\u003E\n                                          \u003C\/button\u003E\n            \n\n                                                    \u003Cdiv hidden id=\u0022calendar-08\u0022\n                   data-id=\u0022calendar-08\u0022\n                   class=\u0022silpc-calendar-events\u0022\u003E\n                                  \u003Cdiv class=\u0022silpc-calendar-event\u0022\u003E\n                    \n          \n\u003Carticle class=\u0022node node--type-news-events node--view-mode-news-popup-calendar calendar-popup-event\u0022\u003E\n\n      \u003Cdiv style=\u0022background-color: #534266; color: #FFFFFF;\u0022 class=\u0022silpc-news-theme\u0022\u003EFormations\u003C\/div\u003E\n  \n  \u003Cdiv class=\u0022silpc-news-content\u0022\u003E\n    \u003Ca href=\u0022\/ressources\/formation-le-service-du-repas-52\u0022 class=\u0022silpc-news-link silpc-news-title automatic-title\u0022\u003E\n      \u003Cspan class=\u0022field field--name-title field--type-string field--label-hidden\u0022\u003EFormation \u0026quot;Le service du repas\u0026quot;\u003C\/span\u003E\n\n      \u003Cspan role=\u0022presentation\u0022 aria-hidden=\u0022true\u0022 class=\u0022silpc-read-more read-more-icon\u0022\u003E\u003C\/span\u003E\n    \u003C\/a\u003E\n\n          \u003Cdiv\n  class=\u0022silpc-news-dates-inline color-primary font-primary-regular t-size-body\u0022\u003E\n  08 Oct 2026\n  \u003C\/div\u003E\n\n      \u003C\/div\u003E\n\n\u003C\/article\u003E\n\n                  \u003C\/div\u003E\n                              \u003C\/div\u003E\n            \n          \u003C\/div\u003E\n\n\n        \u003C\/td\u003E\n\n                \n              \n                \n        \n\n                \u003Ctd class=\u0022silpc-calendar-cell has-points bg-secondary-hover color-white-hover\u0022\u003E\n\n          \n          \u003Cdiv class=\u0022silpc-calendar-cell-content\u0022\u003E\n            \n                        \u003Cbutton data-id=\u0022calendar-09\u0022\n                    aria-expanded=\u0022false\u0022\n                    aria-controls=\u0022calendar-09\u0022\u003E              09\n              \u003Cspan class=\u0022visually-hidden\u0022\u003Eoctobre 2026\u003C\/span\u003E\n\n                              \u003Cspan class=\u0022silpc-calendar-points\u0022 aria-hidden=\u0022true\u0022\u003E\n                                                      \u003Cspan\n                      class=\u0022silpc-calendar-point silpc-calendar-point-blank\u0022\n                      aria-hidden=\u0022true\u0022\u003E\u003C\/span\u003E\n                                                                                                                \u003Cspan data-nid=\u0022813\u0022 class=\u0022silpc-calendar-point silpc-calendar-point-start silpc-calendar-point-end\u0022\n                          aria-hidden=\u0022true\u0022\n                          style=\u0022background-color: #F5ADA8;\u0022\u003E\u003C\/span\u003E\n                                                \u003C\/span\u003E\n                                          \u003C\/button\u003E\n            \n\n                                                    \u003Cdiv hidden id=\u0022calendar-09\u0022\n                   data-id=\u0022calendar-09\u0022\n                   class=\u0022silpc-calendar-events\u0022\u003E\n                                  \u003Cdiv class=\u0022silpc-calendar-event\u0022\u003E\n                    \n          \n\u003Carticle class=\u0022node node--type-news-events node--view-mode-news-popup-calendar calendar-popup-event\u0022\u003E\n\n      \u003Cdiv style=\u0022background-color: #F5ADA8; color: #000000;\u0022 class=\u0022silpc-news-theme\u0022\u003ESensibilisation\u003C\/div\u003E\n  \n  \u003Cdiv class=\u0022silpc-news-content\u0022\u003E\n    \u003Ca href=\u0022\/ressources\/sensibilisation-aide-la-prise-alimentaire-6\u0022 class=\u0022silpc-news-link silpc-news-title automatic-title\u0022\u003E\n      \u003Cspan class=\u0022field field--name-title field--type-string field--label-hidden\u0022\u003ESensibilisation \u0026quot;Aide \u00e0 la prise alimentaire\u0026quot;\u003C\/span\u003E\n\n      \u003Cspan role=\u0022presentation\u0022 aria-hidden=\u0022true\u0022 class=\u0022silpc-read-more read-more-icon\u0022\u003E\u003C\/span\u003E\n    \u003C\/a\u003E\n\n          \u003Cdiv\n  class=\u0022silpc-news-dates-inline color-primary font-primary-regular t-size-body\u0022\u003E\n  09 Oct 2026\n  \u003C\/div\u003E\n\n      \u003C\/div\u003E\n\n\u003C\/article\u003E\n\n                  \u003C\/div\u003E\n                              \u003C\/div\u003E\n            \n          \u003C\/div\u003E\n\n\n        \u003C\/td\u003E\n\n                \n              \n                \n        \n\n                \u003Ctd class=\u0022silpc-calendar-cell\u0022\u003E\n\n          \n          \u003Cdiv class=\u0022silpc-calendar-cell-content\u0022\u003E\n            \n                          10\n              \u003Cspan class=\u0022visually-hidden\u0022\u003Eoctobre 2026\u003C\/span\u003E\n\n                              \u003Cspan class=\u0022silpc-calendar-points\u0022 aria-hidden=\u0022true\u0022\u003E\n                                                      \u003Cspan\n                      class=\u0022silpc-calendar-point silpc-calendar-point-blank\u0022\n                      aria-hidden=\u0022true\u0022\u003E\u003C\/span\u003E\n                                                                        \u003Cspan\n                      class=\u0022silpc-calendar-point silpc-calendar-point-blank\u0022\n                      aria-hidden=\u0022true\u0022\u003E\u003C\/span\u003E\n                                                \u003C\/span\u003E\n                          \n\n                        \n          \u003C\/div\u003E\n\n\n        \u003C\/td\u003E\n\n                \n              \n                \n        \n\n                \u003Ctd class=\u0022silpc-calendar-cell\u0022\u003E\n\n          \n          \u003Cdiv class=\u0022silpc-calendar-cell-content\u0022\u003E\n            \n                          11\n              \u003Cspan class=\u0022visually-hidden\u0022\u003Eoctobre 2026\u003C\/span\u003E\n\n                              \u003Cspan class=\u0022silpc-calendar-points\u0022 aria-hidden=\u0022true\u0022\u003E\n                                                      \u003Cspan\n                      class=\u0022silpc-calendar-point silpc-calendar-point-blank\u0022\n                      aria-hidden=\u0022true\u0022\u003E\u003C\/span\u003E\n                                                                        \u003Cspan\n                      class=\u0022silpc-calendar-point silpc-calendar-point-blank\u0022\n                      aria-hidden=\u0022true\u0022\u003E\u003C\/span\u003E\n                                                \u003C\/span\u003E\n                          \n\n                        \n          \u003C\/div\u003E\n\n\n        \u003C\/td\u003E\n\n                          \u003C\/tr\u003E\n        \n              \n                          \u003Ctr class=\u0022silpc-calendar-row\u0022\u003E\n        \n        \n\n                \u003Ctd class=\u0022silpc-calendar-cell has-points bg-secondary-hover color-white-hover\u0022\u003E\n\n          \n          \u003Cdiv class=\u0022silpc-calendar-cell-content\u0022\u003E\n            \n                        \u003Cbutton data-id=\u0022calendar-12\u0022\n                    aria-expanded=\u0022false\u0022\n                    aria-controls=\u0022calendar-12\u0022\u003E              12\n              \u003Cspan class=\u0022visually-hidden\u0022\u003Eoctobre 2026\u003C\/span\u003E\n\n                              \u003Cspan class=\u0022silpc-calendar-points\u0022 aria-hidden=\u0022true\u0022\u003E\n                                                                                              \u003Cspan data-nid=\u00221-777\u0022 class=\u0022silpc-calendar-point silpc-calendar-point-start silpc-calendar-point-end\u0022\n                          aria-hidden=\u0022true\u0022\n                          style=\u0022background-color: #534266;\u0022\u003E\u003C\/span\u003E\n                                                                                                                \u003Cspan data-nid=\u00221-815\u0022 class=\u0022silpc-calendar-point silpc-calendar-point-start silpc-calendar-point-end\u0022\n                          aria-hidden=\u0022true\u0022\n                          style=\u0022background-color: #F5ADA8;\u0022\u003E\u003C\/span\u003E\n                                                \u003C\/span\u003E\n                                          \u003C\/button\u003E\n            \n\n                                                    \u003Cdiv hidden id=\u0022calendar-12\u0022\n                   data-id=\u0022calendar-12\u0022\n                   class=\u0022silpc-calendar-events\u0022\u003E\n                                  \u003Cdiv class=\u0022silpc-calendar-event\u0022\u003E\n                    \n          \n\u003Carticle class=\u0022node node--type-news-events node--view-mode-news-popup-calendar calendar-popup-event\u0022\u003E\n\n      \u003Cdiv style=\u0022background-color: #534266; color: #FFFFFF;\u0022 class=\u0022silpc-news-theme\u0022\u003EFormations\u003C\/div\u003E\n  \n  \u003Cdiv class=\u0022silpc-news-content\u0022\u003E\n    \u003Ca href=\u0022\/ressources\/formation-denutrition-de-la-personne-agee-36\u0022 class=\u0022silpc-news-link silpc-news-title automatic-title\u0022\u003E\n      \u003Cspan class=\u0022field field--name-title field--type-string field--label-hidden\u0022\u003EFormation \u0026quot;D\u00e9nutrition de la personne \u00e2g\u00e9e\u0026quot;\u003C\/span\u003E\n\n      \u003Cspan role=\u0022presentation\u0022 aria-hidden=\u0022true\u0022 class=\u0022silpc-read-more read-more-icon\u0022\u003E\u003C\/span\u003E\n    \u003C\/a\u003E\n\n          \u003Cdiv\n  class=\u0022silpc-news-dates-inline color-primary font-primary-regular t-size-body\u0022\u003E\n  12 Oct 2026\n  \u003C\/div\u003E\n\n      \u003C\/div\u003E\n\n\u003C\/article\u003E\n\n                  \u003C\/div\u003E\n                                  \u003Cdiv class=\u0022silpc-calendar-event\u0022\u003E\n                    \n          \n\u003Carticle class=\u0022node node--type-news-events node--view-mode-news-popup-calendar calendar-popup-event\u0022\u003E\n\n      \u003Cdiv style=\u0022background-color: #F5ADA8; color: #000000;\u0022 class=\u0022silpc-news-theme\u0022\u003ESensibilisation\u003C\/div\u003E\n  \n  \u003Cdiv class=\u0022silpc-news-content\u0022\u003E\n    \u003Ca href=\u0022\/ressources\/sensibilisation-aide-la-prise-alimentaire-8\u0022 class=\u0022silpc-news-link silpc-news-title automatic-title\u0022\u003E\n      \u003Cspan class=\u0022field field--name-title field--type-string field--label-hidden\u0022\u003ESensibilisation \u0026quot;Aide \u00e0 la prise alimentaire\u0026quot;\u003C\/span\u003E\n\n      \u003Cspan role=\u0022presentation\u0022 aria-hidden=\u0022true\u0022 class=\u0022silpc-read-more read-more-icon\u0022\u003E\u003C\/span\u003E\n    \u003C\/a\u003E\n\n          \u003Cdiv\n  class=\u0022silpc-news-dates-inline color-primary font-primary-regular t-size-body\u0022\u003E\n  12 Oct 2026\n  \u003C\/div\u003E\n\n      \u003C\/div\u003E\n\n\u003C\/article\u003E\n\n                  \u003C\/div\u003E\n                              \u003C\/div\u003E\n            \n          \u003C\/div\u003E\n\n\n        \u003C\/td\u003E\n\n                \n              \n                \n        \n\n                \u003Ctd class=\u0022silpc-calendar-cell has-points bg-secondary-hover color-white-hover\u0022\u003E\n\n          \n          \u003Cdiv class=\u0022silpc-calendar-cell-content\u0022\u003E\n            \n                        \u003Cbutton data-id=\u0022calendar-13\u0022\n                    aria-expanded=\u0022false\u0022\n                    aria-controls=\u0022calendar-13\u0022\u003E              13\n              \u003Cspan class=\u0022visually-hidden\u0022\u003Eoctobre 2026\u003C\/span\u003E\n\n                              \u003Cspan class=\u0022silpc-calendar-points\u0022 aria-hidden=\u0022true\u0022\u003E\n                                                      \u003Cspan\n                      class=\u0022silpc-calendar-point silpc-calendar-point-blank\u0022\n                      aria-hidden=\u0022true\u0022\u003E\u003C\/span\u003E\n                                                                                                                \u003Cspan data-nid=\u0022797\u0022 class=\u0022silpc-calendar-point silpc-calendar-point-start silpc-calendar-point-end\u0022\n                          aria-hidden=\u0022true\u0022\n                          style=\u0022background-color: #534266;\u0022\u003E\u003C\/span\u003E\n                                                \u003C\/span\u003E\n                                          \u003C\/button\u003E\n            \n\n                                                    \u003Cdiv hidden id=\u0022calendar-13\u0022\n                   data-id=\u0022calendar-13\u0022\n                   class=\u0022silpc-calendar-events\u0022\u003E\n                                  \u003Cdiv class=\u0022silpc-calendar-event\u0022\u003E\n                    \n          \n\u003Carticle class=\u0022node node--type-news-events node--view-mode-news-popup-calendar calendar-popup-event\u0022\u003E\n\n      \u003Cdiv style=\u0022background-color: #534266; color: #FFFFFF;\u0022 class=\u0022silpc-news-theme\u0022\u003EFormations\u003C\/div\u003E\n  \n  \u003Cdiv class=\u0022silpc-news-content\u0022\u003E\n    \u003Ca href=\u0022\/ressources\/formation-comment-reperer-les-troubles-de-la-deglutition-et-quelles-textures-35\u0022 class=\u0022silpc-news-link silpc-news-title automatic-title\u0022\u003E\n      \u003Cspan class=\u0022field field--name-title field--type-string field--label-hidden\u0022\u003EFormation \u0026quot;Comment rep\u00e9rer les troubles de la d\u00e9glutition et quelles textures alimentaire pr\u00e9coniser ?\u0026quot;\u003C\/span\u003E\n\n      \u003Cspan role=\u0022presentation\u0022 aria-hidden=\u0022true\u0022 class=\u0022silpc-read-more read-more-icon\u0022\u003E\u003C\/span\u003E\n    \u003C\/a\u003E\n\n          \u003Cdiv\n  class=\u0022silpc-news-dates-inline color-primary font-primary-regular t-size-body\u0022\u003E\n  13 Oct 2026\n  \u003C\/div\u003E\n\n      \u003C\/div\u003E\n\n\u003C\/article\u003E\n\n                  \u003C\/div\u003E\n                              \u003C\/div\u003E\n            \n          \u003C\/div\u003E\n\n\n        \u003C\/td\u003E\n\n                \n              \n                \n        \n\n                \u003Ctd class=\u0022silpc-calendar-cell\u0022\u003E\n\n          \n          \u003Cdiv class=\u0022silpc-calendar-cell-content\u0022\u003E\n            \n                          14\n              \u003Cspan class=\u0022visually-hidden\u0022\u003Eoctobre 2026\u003C\/span\u003E\n\n                              \u003Cspan class=\u0022silpc-calendar-points\u0022 aria-hidden=\u0022true\u0022\u003E\n                                                      \u003Cspan\n                      class=\u0022silpc-calendar-point silpc-calendar-point-blank\u0022\n                      aria-hidden=\u0022true\u0022\u003E\u003C\/span\u003E\n                                                                        \u003Cspan\n                      class=\u0022silpc-calendar-point silpc-calendar-point-blank\u0022\n                      aria-hidden=\u0022true\u0022\u003E\u003C\/span\u003E\n                                                \u003C\/span\u003E\n                          \n\n                        \n          \u003C\/div\u003E\n\n\n        \u003C\/td\u003E\n\n                \n              \n                \n        \n\n                \u003Ctd class=\u0022silpc-calendar-cell has-points bg-secondary-hover color-white-hover\u0022\u003E\n\n          \n          \u003Cdiv class=\u0022silpc-calendar-cell-content\u0022\u003E\n            \n                        \u003Cbutton data-id=\u0022calendar-15\u0022\n                    aria-expanded=\u0022false\u0022\n                    aria-controls=\u0022calendar-15\u0022\u003E              15\n              \u003Cspan class=\u0022visually-hidden\u0022\u003Eoctobre 2026\u003C\/span\u003E\n\n                              \u003Cspan class=\u0022silpc-calendar-points\u0022 aria-hidden=\u0022true\u0022\u003E\n                                                                                              \u003Cspan data-nid=\u00221-784\u0022 class=\u0022silpc-calendar-point silpc-calendar-point-start silpc-calendar-point-end\u0022\n                          aria-hidden=\u0022true\u0022\n                          style=\u0022background-color: #534266;\u0022\u003E\u003C\/span\u003E\n                                                                                                                \u003Cspan data-nid=\u00221-879\u0022 class=\u0022silpc-calendar-point silpc-calendar-point-start silpc-calendar-point-end\u0022\n                          aria-hidden=\u0022true\u0022\n                          style=\u0022background-color: #F5ADA8;\u0022\u003E\u003C\/span\u003E\n                                                \u003C\/span\u003E\n                                          \u003C\/button\u003E\n            \n\n                                                    \u003Cdiv hidden id=\u0022calendar-15\u0022\n                   data-id=\u0022calendar-15\u0022\n                   class=\u0022silpc-calendar-events\u0022\u003E\n                                  \u003Cdiv class=\u0022silpc-calendar-event\u0022\u003E\n                    \n          \n\u003Carticle class=\u0022node node--type-news-events node--view-mode-news-popup-calendar calendar-popup-event\u0022\u003E\n\n      \u003Cdiv style=\u0022background-color: #534266; color: #FFFFFF;\u0022 class=\u0022silpc-news-theme\u0022\u003EFormations\u003C\/div\u003E\n  \n  \u003Cdiv class=\u0022silpc-news-content\u0022\u003E\n    \u003Ca href=\u0022\/ressources\/formation-nutrition-et-demence-10\u0022 class=\u0022silpc-news-link silpc-news-title automatic-title\u0022\u003E\n      \u003Cspan class=\u0022field field--name-title field--type-string field--label-hidden\u0022\u003EFormation \u0026quot;Nutrition et d\u00e9mence\u0026quot;\u003C\/span\u003E\n\n      \u003Cspan role=\u0022presentation\u0022 aria-hidden=\u0022true\u0022 class=\u0022silpc-read-more read-more-icon\u0022\u003E\u003C\/span\u003E\n    \u003C\/a\u003E\n\n          \u003Cdiv\n  class=\u0022silpc-news-dates-inline color-primary font-primary-regular t-size-body\u0022\u003E\n  15 Oct 2026\n  \u003C\/div\u003E\n\n      \u003C\/div\u003E\n\n\u003C\/article\u003E\n\n                  \u003C\/div\u003E\n                                  \u003Cdiv class=\u0022silpc-calendar-event\u0022\u003E\n                    \n          \n\u003Carticle class=\u0022node node--type-news-events node--view-mode-news-popup-calendar calendar-popup-event\u0022\u003E\n\n      \u003Cdiv style=\u0022background-color: #F5ADA8; color: #000000;\u0022 class=\u0022silpc-news-theme\u0022\u003ESensibilisation\u003C\/div\u003E\n  \n  \u003Cdiv class=\u0022silpc-news-content\u0022\u003E\n    \u003Ca href=\u0022\/ressources\/sensibilisation-les-textures-27\u0022 class=\u0022silpc-news-link silpc-news-title automatic-title\u0022\u003E\n      \u003Cspan class=\u0022field field--name-title field--type-string field--label-hidden\u0022\u003ESensibilisation \u0026quot;Les textures\u0026quot;\u003C\/span\u003E\n\n      \u003Cspan role=\u0022presentation\u0022 aria-hidden=\u0022true\u0022 class=\u0022silpc-read-more read-more-icon\u0022\u003E\u003C\/span\u003E\n    \u003C\/a\u003E\n\n          \u003Cdiv\n  class=\u0022silpc-news-dates-inline color-primary font-primary-regular t-size-body\u0022\u003E\n  15 Oct 2026\n  \u003C\/div\u003E\n\n      \u003C\/div\u003E\n\n\u003C\/article\u003E\n\n                  \u003C\/div\u003E\n                              \u003C\/div\u003E\n            \n          \u003C\/div\u003E\n\n\n        \u003C\/td\u003E\n\n                \n              \n                \n        \n\n                \u003Ctd class=\u0022silpc-calendar-cell has-points bg-secondary-hover color-white-hover\u0022\u003E\n\n          \n          \u003Cdiv class=\u0022silpc-calendar-cell-content\u0022\u003E\n            \n                        \u003Cbutton data-id=\u0022calendar-16\u0022\n                    aria-expanded=\u0022false\u0022\n                    aria-controls=\u0022calendar-16\u0022\u003E              16\n              \u003Cspan class=\u0022visually-hidden\u0022\u003Eoctobre 2026\u003C\/span\u003E\n\n                              \u003Cspan class=\u0022silpc-calendar-points\u0022 aria-hidden=\u0022true\u0022\u003E\n                                                      \u003Cspan\n                      class=\u0022silpc-calendar-point silpc-calendar-point-blank\u0022\n                      aria-hidden=\u0022true\u0022\u003E\u003C\/span\u003E\n                                                                                                                \u003Cspan data-nid=\u0022867\u0022 class=\u0022silpc-calendar-point silpc-calendar-point-start silpc-calendar-point-end\u0022\n                          aria-hidden=\u0022true\u0022\n                          style=\u0022background-color: #F5ADA8;\u0022\u003E\u003C\/span\u003E\n                                                \u003C\/span\u003E\n                                          \u003C\/button\u003E\n            \n\n                                                    \u003Cdiv hidden id=\u0022calendar-16\u0022\n                   data-id=\u0022calendar-16\u0022\n                   class=\u0022silpc-calendar-events\u0022\u003E\n                                  \u003Cdiv class=\u0022silpc-calendar-event\u0022\u003E\n                    \n          \n\u003Carticle class=\u0022node node--type-news-events node--view-mode-news-popup-calendar calendar-popup-event\u0022\u003E\n\n      \u003Cdiv style=\u0022background-color: #F5ADA8; color: #000000;\u0022 class=\u0022silpc-news-theme\u0022\u003ESensibilisation\u003C\/div\u003E\n  \n  \u003Cdiv class=\u0022silpc-news-content\u0022\u003E\n    \u003Ca href=\u0022\/ressources\/sensibilisation-lequilibre-alimentaire-8\u0022 class=\u0022silpc-news-link silpc-news-title automatic-title\u0022\u003E\n      \u003Cspan class=\u0022field field--name-title field--type-string field--label-hidden\u0022\u003ESensibilisation \u0026quot;L\u0026#039;\u00e9quilibre alimentaire\u0026quot;\u003C\/span\u003E\n\n      \u003Cspan role=\u0022presentation\u0022 aria-hidden=\u0022true\u0022 class=\u0022silpc-read-more read-more-icon\u0022\u003E\u003C\/span\u003E\n    \u003C\/a\u003E\n\n          \u003Cdiv\n  class=\u0022silpc-news-dates-inline color-primary font-primary-regular t-size-body\u0022\u003E\n  16 Oct 2026\n  \u003C\/div\u003E\n\n      \u003C\/div\u003E\n\n\u003C\/article\u003E\n\n                  \u003C\/div\u003E\n                              \u003C\/div\u003E\n            \n          \u003C\/div\u003E\n\n\n        \u003C\/td\u003E\n\n                \n              \n                \n        \n\n                \u003Ctd class=\u0022silpc-calendar-cell\u0022\u003E\n\n          \n          \u003Cdiv class=\u0022silpc-calendar-cell-content\u0022\u003E\n            \n                          17\n              \u003Cspan class=\u0022visually-hidden\u0022\u003Eoctobre 2026\u003C\/span\u003E\n\n                              \u003Cspan class=\u0022silpc-calendar-points\u0022 aria-hidden=\u0022true\u0022\u003E\n                                                      \u003Cspan\n                      class=\u0022silpc-calendar-point silpc-calendar-point-blank\u0022\n                      aria-hidden=\u0022true\u0022\u003E\u003C\/span\u003E\n                                                                        \u003Cspan\n                      class=\u0022silpc-calendar-point silpc-calendar-point-blank\u0022\n                      aria-hidden=\u0022true\u0022\u003E\u003C\/span\u003E\n                                                \u003C\/span\u003E\n                          \n\n                        \n          \u003C\/div\u003E\n\n\n        \u003C\/td\u003E\n\n                \n              \n                \n        \n\n                \u003Ctd class=\u0022silpc-calendar-cell\u0022\u003E\n\n          \n          \u003Cdiv class=\u0022silpc-calendar-cell-content\u0022\u003E\n            \n                          18\n              \u003Cspan class=\u0022visually-hidden\u0022\u003Eoctobre 2026\u003C\/span\u003E\n\n                              \u003Cspan class=\u0022silpc-calendar-points\u0022 aria-hidden=\u0022true\u0022\u003E\n                                                      \u003Cspan\n                      class=\u0022silpc-calendar-point silpc-calendar-point-blank\u0022\n                      aria-hidden=\u0022true\u0022\u003E\u003C\/span\u003E\n                                                                        \u003Cspan\n                      class=\u0022silpc-calendar-point silpc-calendar-point-blank\u0022\n                      aria-hidden=\u0022true\u0022\u003E\u003C\/span\u003E\n                                                \u003C\/span\u003E\n                          \n\n                        \n          \u003C\/div\u003E\n\n\n        \u003C\/td\u003E\n\n                          \u003C\/tr\u003E\n        \n              \n                          \u003Ctr class=\u0022silpc-calendar-row\u0022\u003E\n        \n        \n\n                \u003Ctd class=\u0022silpc-calendar-cell has-points bg-secondary-hover color-white-hover\u0022\u003E\n\n          \n          \u003Cdiv class=\u0022silpc-calendar-cell-content\u0022\u003E\n            \n                        \u003Cbutton data-id=\u0022calendar-19\u0022\n                    aria-expanded=\u0022false\u0022\n                    aria-controls=\u0022calendar-19\u0022\u003E              19\n              \u003Cspan class=\u0022visually-hidden\u0022\u003Eoctobre 2026\u003C\/span\u003E\n\n                              \u003Cspan class=\u0022silpc-calendar-points\u0022 aria-hidden=\u0022true\u0022\u003E\n                                                                                              \u003Cspan data-nid=\u00221-814\u0022 class=\u0022silpc-calendar-point silpc-calendar-point-start silpc-calendar-point-end\u0022\n                          aria-hidden=\u0022true\u0022\n                          style=\u0022background-color: #F5ADA8;\u0022\u003E\u003C\/span\u003E\n                                                                                                                \u003Cspan data-nid=\u00221-842\u0022 class=\u0022silpc-calendar-point silpc-calendar-point-start silpc-calendar-point-end\u0022\n                          aria-hidden=\u0022true\u0022\n                          style=\u0022background-color: #F5ADA8;\u0022\u003E\u003C\/span\u003E\n                                                \u003C\/span\u003E\n                                          \u003C\/button\u003E\n            \n\n                                                    \u003Cdiv hidden id=\u0022calendar-19\u0022\n                   data-id=\u0022calendar-19\u0022\n                   class=\u0022silpc-calendar-events\u0022\u003E\n                                  \u003Cdiv class=\u0022silpc-calendar-event\u0022\u003E\n                    \n          \n\u003Carticle class=\u0022node node--type-news-events node--view-mode-news-popup-calendar calendar-popup-event\u0022\u003E\n\n      \u003Cdiv style=\u0022background-color: #F5ADA8; color: #000000;\u0022 class=\u0022silpc-news-theme\u0022\u003ESensibilisation\u003C\/div\u003E\n  \n  \u003Cdiv class=\u0022silpc-news-content\u0022\u003E\n    \u003Ca href=\u0022\/ressources\/sensibilisation-aide-la-prise-alimentaire-7\u0022 class=\u0022silpc-news-link silpc-news-title automatic-title\u0022\u003E\n      \u003Cspan class=\u0022field field--name-title field--type-string field--label-hidden\u0022\u003ESensibilisation \u0026quot;Aide \u00e0 la prise alimentaire\u0026quot;\u003C\/span\u003E\n\n      \u003Cspan role=\u0022presentation\u0022 aria-hidden=\u0022true\u0022 class=\u0022silpc-read-more read-more-icon\u0022\u003E\u003C\/span\u003E\n    \u003C\/a\u003E\n\n          \u003Cdiv\n  class=\u0022silpc-news-dates-inline color-primary font-primary-regular t-size-body\u0022\u003E\n  19 Oct 2026\n  \u003C\/div\u003E\n\n      \u003C\/div\u003E\n\n\u003C\/article\u003E\n\n                  \u003C\/div\u003E\n                                  \u003Cdiv class=\u0022silpc-calendar-event\u0022\u003E\n                    \n          \n\u003Carticle class=\u0022node node--type-news-events node--view-mode-news-popup-calendar calendar-popup-event\u0022\u003E\n\n      \u003Cdiv style=\u0022background-color: #F5ADA8; color: #000000;\u0022 class=\u0022silpc-news-theme\u0022\u003ESensibilisation\u003C\/div\u003E\n  \n  \u003Cdiv class=\u0022silpc-news-content\u0022\u003E\n    \u003Ca href=\u0022\/ressources\/sensibilisation-denutrition-18\u0022 class=\u0022silpc-news-link silpc-news-title automatic-title\u0022\u003E\n      \u003Cspan class=\u0022field field--name-title field--type-string field--label-hidden\u0022\u003ESensibilisation \u0026quot;D\u00e9nutrition\u0026quot;\u003C\/span\u003E\n\n      \u003Cspan role=\u0022presentation\u0022 aria-hidden=\u0022true\u0022 class=\u0022silpc-read-more read-more-icon\u0022\u003E\u003C\/span\u003E\n    \u003C\/a\u003E\n\n          \u003Cdiv\n  class=\u0022silpc-news-dates-inline color-primary font-primary-regular t-size-body\u0022\u003E\n  19 Oct 2026\n  \u003C\/div\u003E\n\n      \u003C\/div\u003E\n\n\u003C\/article\u003E\n\n                  \u003C\/div\u003E\n                              \u003C\/div\u003E\n            \n          \u003C\/div\u003E\n\n\n        \u003C\/td\u003E\n\n                \n              \n                \n        \n\n                \u003Ctd class=\u0022silpc-calendar-cell has-points bg-secondary-hover color-white-hover\u0022\u003E\n\n          \n          \u003Cdiv class=\u0022silpc-calendar-cell-content\u0022\u003E\n            \n                        \u003Cbutton data-id=\u0022calendar-20\u0022\n                    aria-expanded=\u0022false\u0022\n                    aria-controls=\u0022calendar-20\u0022\u003E              20\n              \u003Cspan class=\u0022visually-hidden\u0022\u003Eoctobre 2026\u003C\/span\u003E\n\n                              \u003Cspan class=\u0022silpc-calendar-points\u0022 aria-hidden=\u0022true\u0022\u003E\n                                                                                              \u003Cspan data-nid=\u00224-843\u0022 class=\u0022silpc-calendar-point silpc-calendar-point-start silpc-calendar-point-end\u0022\n                          aria-hidden=\u0022true\u0022\n                          style=\u0022background-color: #F5ADA8;\u0022\u003E\u003C\/span\u003E\n                                                                                                                \u003Cspan data-nid=\u00225-880\u0022 class=\u0022silpc-calendar-point silpc-calendar-point-start silpc-calendar-point-end\u0022\n                          aria-hidden=\u0022true\u0022\n                          style=\u0022background-color: #F5ADA8;\u0022\u003E\u003C\/span\u003E\n                                                \u003C\/span\u003E\n                                          \u003C\/button\u003E\n            \n\n                                                    \u003Cdiv hidden id=\u0022calendar-20\u0022\n                   data-id=\u0022calendar-20\u0022\n                   class=\u0022silpc-calendar-events\u0022\u003E\n                                  \u003Cdiv class=\u0022silpc-calendar-event\u0022\u003E\n                    \n          \n\u003Carticle class=\u0022node node--type-news-events node--view-mode-news-popup-calendar calendar-popup-event\u0022\u003E\n\n      \u003Cdiv style=\u0022background-color: #F5ADA8; color: #000000;\u0022 class=\u0022silpc-news-theme\u0022\u003ESensibilisation\u003C\/div\u003E\n  \n  \u003Cdiv class=\u0022silpc-news-content\u0022\u003E\n    \u003Ca href=\u0022\/ressources\/sensibilisation-denutrition-19\u0022 class=\u0022silpc-news-link silpc-news-title automatic-title\u0022\u003E\n      \u003Cspan class=\u0022field field--name-title field--type-string field--label-hidden\u0022\u003ESensibilisation \u0026quot;D\u00e9nutrition\u0026quot;\u003C\/span\u003E\n\n      \u003Cspan role=\u0022presentation\u0022 aria-hidden=\u0022true\u0022 class=\u0022silpc-read-more read-more-icon\u0022\u003E\u003C\/span\u003E\n    \u003C\/a\u003E\n\n          \u003Cdiv\n  class=\u0022silpc-news-dates-inline color-primary font-primary-regular t-size-body\u0022\u003E\n  20 Oct 2026\n  \u003C\/div\u003E\n\n      \u003C\/div\u003E\n\n\u003C\/article\u003E\n\n                  \u003C\/div\u003E\n                                  \u003Cdiv class=\u0022silpc-calendar-event\u0022\u003E\n                    \n          \n\u003Carticle class=\u0022node node--type-news-events node--view-mode-news-popup-calendar calendar-popup-event\u0022\u003E\n\n      \u003Cdiv style=\u0022background-color: #F5ADA8; color: #000000;\u0022 class=\u0022silpc-news-theme\u0022\u003ESensibilisation\u003C\/div\u003E\n  \n  \u003Cdiv class=\u0022silpc-news-content\u0022\u003E\n    \u003Ca href=\u0022\/ressources\/sensibilisation-les-textures-28\u0022 class=\u0022silpc-news-link silpc-news-title automatic-title\u0022\u003E\n      \u003Cspan class=\u0022field field--name-title field--type-string field--label-hidden\u0022\u003ESensibilisation \u0026quot;Les textures\u0026quot;\u003C\/span\u003E\n\n      \u003Cspan role=\u0022presentation\u0022 aria-hidden=\u0022true\u0022 class=\u0022silpc-read-more read-more-icon\u0022\u003E\u003C\/span\u003E\n    \u003C\/a\u003E\n\n          \u003Cdiv\n  class=\u0022silpc-news-dates-inline color-primary font-primary-regular t-size-body\u0022\u003E\n  20 Oct 2026\n  \u003C\/div\u003E\n\n      \u003C\/div\u003E\n\n\u003C\/article\u003E\n\n                  \u003C\/div\u003E\n                              \u003C\/div\u003E\n            \n          \u003C\/div\u003E\n\n\n        \u003C\/td\u003E\n\n                \n              \n                \n        \n\n                \u003Ctd class=\u0022silpc-calendar-cell has-points bg-secondary-hover color-white-hover\u0022\u003E\n\n          \n          \u003Cdiv class=\u0022silpc-calendar-cell-content\u0022\u003E\n            \n                        \u003Cbutton data-id=\u0022calendar-21\u0022\n                    aria-expanded=\u0022false\u0022\n                    aria-controls=\u0022calendar-21\u0022\u003E              21\n              \u003Cspan class=\u0022visually-hidden\u0022\u003Eoctobre 2026\u003C\/span\u003E\n\n                              \u003Cspan class=\u0022silpc-calendar-points\u0022 aria-hidden=\u0022true\u0022\u003E\n                                                                                              \u003Cspan data-nid=\u00224-816\u0022 class=\u0022silpc-calendar-point silpc-calendar-point-start silpc-calendar-point-end\u0022\n                          aria-hidden=\u0022true\u0022\n                          style=\u0022background-color: #F5ADA8;\u0022\u003E\u003C\/span\u003E\n                                                                                                                \u003Cspan data-nid=\u00225-881\u0022 class=\u0022silpc-calendar-point silpc-calendar-point-start silpc-calendar-point-end\u0022\n                          aria-hidden=\u0022true\u0022\n                          style=\u0022background-color: #F5ADA8;\u0022\u003E\u003C\/span\u003E\n                                                \u003C\/span\u003E\n                                          \u003C\/button\u003E\n            \n\n                                                    \u003Cdiv hidden id=\u0022calendar-21\u0022\n                   data-id=\u0022calendar-21\u0022\n                   class=\u0022silpc-calendar-events\u0022\u003E\n                                  \u003Cdiv class=\u0022silpc-calendar-event\u0022\u003E\n                    \n          \n\u003Carticle class=\u0022node node--type-news-events node--view-mode-news-popup-calendar calendar-popup-event\u0022\u003E\n\n      \u003Cdiv style=\u0022background-color: #F5ADA8; color: #000000;\u0022 class=\u0022silpc-news-theme\u0022\u003ESensibilisation\u003C\/div\u003E\n  \n  \u003Cdiv class=\u0022silpc-news-content\u0022\u003E\n    \u003Ca href=\u0022\/ressources\/sensibilisation-aide-la-prise-alimentaire-9\u0022 class=\u0022silpc-news-link silpc-news-title automatic-title\u0022\u003E\n      \u003Cspan class=\u0022field field--name-title field--type-string field--label-hidden\u0022\u003ESensibilisation \u0026quot;Aide \u00e0 la prise alimentaire\u0026quot;\u003C\/span\u003E\n\n      \u003Cspan role=\u0022presentation\u0022 aria-hidden=\u0022true\u0022 class=\u0022silpc-read-more read-more-icon\u0022\u003E\u003C\/span\u003E\n    \u003C\/a\u003E\n\n          \u003Cdiv\n  class=\u0022silpc-news-dates-inline color-primary font-primary-regular t-size-body\u0022\u003E\n  21 Oct 2026\n  \u003C\/div\u003E\n\n      \u003C\/div\u003E\n\n\u003C\/article\u003E\n\n                  \u003C\/div\u003E\n                                  \u003Cdiv class=\u0022silpc-calendar-event\u0022\u003E\n                    \n          \n\u003Carticle class=\u0022node node--type-news-events node--view-mode-news-popup-calendar calendar-popup-event\u0022\u003E\n\n      \u003Cdiv style=\u0022background-color: #F5ADA8; color: #000000;\u0022 class=\u0022silpc-news-theme\u0022\u003ESensibilisation\u003C\/div\u003E\n  \n  \u003Cdiv class=\u0022silpc-news-content\u0022\u003E\n    \u003Ca href=\u0022\/ressources\/sensibilisation-les-textures-29\u0022 class=\u0022silpc-news-link silpc-news-title automatic-title\u0022\u003E\n      \u003Cspan class=\u0022field field--name-title field--type-string field--label-hidden\u0022\u003ESensibilisation \u0026quot;Les textures\u0026quot;\u003C\/span\u003E\n\n      \u003Cspan role=\u0022presentation\u0022 aria-hidden=\u0022true\u0022 class=\u0022silpc-read-more read-more-icon\u0022\u003E\u003C\/span\u003E\n    \u003C\/a\u003E\n\n          \u003Cdiv\n  class=\u0022silpc-news-dates-inline color-primary font-primary-regular t-size-body\u0022\u003E\n  21 Oct 2026\n  \u003C\/div\u003E\n\n      \u003C\/div\u003E\n\n\u003C\/article\u003E\n\n                  \u003C\/div\u003E\n                              \u003C\/div\u003E\n            \n          \u003C\/div\u003E\n\n\n        \u003C\/td\u003E\n\n                \n              \n                \n        \n\n                \u003Ctd class=\u0022silpc-calendar-cell has-points bg-secondary-hover color-white-hover\u0022\u003E\n\n          \n          \u003Cdiv class=\u0022silpc-calendar-cell-content\u0022\u003E\n            \n                        \u003Cbutton data-id=\u0022calendar-22\u0022\n                    aria-expanded=\u0022false\u0022\n                    aria-controls=\u0022calendar-22\u0022\u003E              22\n              \u003Cspan class=\u0022visually-hidden\u0022\u003Eoctobre 2026\u003C\/span\u003E\n\n                              \u003Cspan class=\u0022silpc-calendar-points\u0022 aria-hidden=\u0022true\u0022\u003E\n                                                      \u003Cspan\n                      class=\u0022silpc-calendar-point silpc-calendar-point-blank\u0022\n                      aria-hidden=\u0022true\u0022\u003E\u003C\/span\u003E\n                                                                                                                \u003Cspan data-nid=\u0022855\u0022 class=\u0022silpc-calendar-point silpc-calendar-point-start silpc-calendar-point-end\u0022\n                          aria-hidden=\u0022true\u0022\n                          style=\u0022background-color: #F5ADA8;\u0022\u003E\u003C\/span\u003E\n                                                \u003C\/span\u003E\n                                          \u003C\/button\u003E\n            \n\n                                                    \u003Cdiv hidden id=\u0022calendar-22\u0022\n                   data-id=\u0022calendar-22\u0022\n                   class=\u0022silpc-calendar-events\u0022\u003E\n                                  \u003Cdiv class=\u0022silpc-calendar-event\u0022\u003E\n                    \n          \n\u003Carticle class=\u0022node node--type-news-events node--view-mode-news-popup-calendar calendar-popup-event\u0022\u003E\n\n      \u003Cdiv style=\u0022background-color: #F5ADA8; color: #000000;\u0022 class=\u0022silpc-news-theme\u0022\u003ESensibilisation\u003C\/div\u003E\n  \n  \u003Cdiv class=\u0022silpc-news-content\u0022\u003E\n    \u003Ca href=\u0022\/ressources\/sensibilisation-prevenir-la-deshydratation-laide-de-lalimentation-18\u0022 class=\u0022silpc-news-link silpc-news-title automatic-title\u0022\u003E\n      \u003Cspan class=\u0022field field--name-title field--type-string field--label-hidden\u0022\u003ESensibilisation \u0026quot;Pr\u00e9venir la d\u00e9shydratation \u00e0 l\u0026#039;aide de l\u0026#039;alimentation\u0026quot;\u003C\/span\u003E\n\n      \u003Cspan role=\u0022presentation\u0022 aria-hidden=\u0022true\u0022 class=\u0022silpc-read-more read-more-icon\u0022\u003E\u003C\/span\u003E\n    \u003C\/a\u003E\n\n          \u003Cdiv\n  class=\u0022silpc-news-dates-inline color-primary font-primary-regular t-size-body\u0022\u003E\n  22 Oct 2026\n  \u003C\/div\u003E\n\n      \u003C\/div\u003E\n\n\u003C\/article\u003E\n\n                  \u003C\/div\u003E\n                              \u003C\/div\u003E\n            \n          \u003C\/div\u003E\n\n\n        \u003C\/td\u003E\n\n                \n              \n                \n        \n\n                \u003Ctd class=\u0022silpc-calendar-cell\u0022\u003E\n\n          \n          \u003Cdiv class=\u0022silpc-calendar-cell-content\u0022\u003E\n            \n                          23\n              \u003Cspan class=\u0022visually-hidden\u0022\u003Eoctobre 2026\u003C\/span\u003E\n\n                              \u003Cspan class=\u0022silpc-calendar-points\u0022 aria-hidden=\u0022true\u0022\u003E\n                                                      \u003Cspan\n                      class=\u0022silpc-calendar-point silpc-calendar-point-blank\u0022\n                      aria-hidden=\u0022true\u0022\u003E\u003C\/span\u003E\n                                                                        \u003Cspan\n                      class=\u0022silpc-calendar-point silpc-calendar-point-blank\u0022\n                      aria-hidden=\u0022true\u0022\u003E\u003C\/span\u003E\n                                                \u003C\/span\u003E\n                          \n\n                        \n          \u003C\/div\u003E\n\n\n        \u003C\/td\u003E\n\n                \n              \n                \n        \n\n                \u003Ctd class=\u0022silpc-calendar-cell\u0022\u003E\n\n          \n          \u003Cdiv class=\u0022silpc-calendar-cell-content\u0022\u003E\n            \n                          24\n              \u003Cspan class=\u0022visually-hidden\u0022\u003Eoctobre 2026\u003C\/span\u003E\n\n                              \u003Cspan class=\u0022silpc-calendar-points\u0022 aria-hidden=\u0022true\u0022\u003E\n                                                      \u003Cspan\n                      class=\u0022silpc-calendar-point silpc-calendar-point-blank\u0022\n                      aria-hidden=\u0022true\u0022\u003E\u003C\/span\u003E\n                                                                        \u003Cspan\n                      class=\u0022silpc-calendar-point silpc-calendar-point-blank\u0022\n                      aria-hidden=\u0022true\u0022\u003E\u003C\/span\u003E\n                                                \u003C\/span\u003E\n                          \n\n                        \n          \u003C\/div\u003E\n\n\n        \u003C\/td\u003E\n\n                \n              \n                \n        \n\n                \u003Ctd class=\u0022silpc-calendar-cell\u0022\u003E\n\n          \n          \u003Cdiv class=\u0022silpc-calendar-cell-content\u0022\u003E\n            \n                          25\n              \u003Cspan class=\u0022visually-hidden\u0022\u003Eoctobre 2026\u003C\/span\u003E\n\n                              \u003Cspan class=\u0022silpc-calendar-points\u0022 aria-hidden=\u0022true\u0022\u003E\n                                                      \u003Cspan\n                      class=\u0022silpc-calendar-point silpc-calendar-point-blank\u0022\n                      aria-hidden=\u0022true\u0022\u003E\u003C\/span\u003E\n                                                                        \u003Cspan\n                      class=\u0022silpc-calendar-point silpc-calendar-point-blank\u0022\n                      aria-hidden=\u0022true\u0022\u003E\u003C\/span\u003E\n                                                \u003C\/span\u003E\n                          \n\n                        \n          \u003C\/div\u003E\n\n\n        \u003C\/td\u003E\n\n                          \u003C\/tr\u003E\n        \n              \n                          \u003Ctr class=\u0022silpc-calendar-row\u0022\u003E\n        \n        \n\n                \u003Ctd class=\u0022silpc-calendar-cell has-points bg-secondary-hover color-white-hover\u0022\u003E\n\n          \n          \u003Cdiv class=\u0022silpc-calendar-cell-content\u0022\u003E\n            \n                        \u003Cbutton data-id=\u0022calendar-26\u0022\n                    aria-expanded=\u0022false\u0022\n                    aria-controls=\u0022calendar-26\u0022\u003E              26\n              \u003Cspan class=\u0022visually-hidden\u0022\u003Eoctobre 2026\u003C\/span\u003E\n\n                              \u003Cspan class=\u0022silpc-calendar-points\u0022 aria-hidden=\u0022true\u0022\u003E\n                                                      \u003Cspan\n                      class=\u0022silpc-calendar-point silpc-calendar-point-blank\u0022\n                      aria-hidden=\u0022true\u0022\u003E\u003C\/span\u003E\n                                                                                                                \u003Cspan data-nid=\u0022882\u0022 class=\u0022silpc-calendar-point silpc-calendar-point-start silpc-calendar-point-end\u0022\n                          aria-hidden=\u0022true\u0022\n                          style=\u0022background-color: #F5ADA8;\u0022\u003E\u003C\/span\u003E\n                                                \u003C\/span\u003E\n                                          \u003C\/button\u003E\n            \n\n                                                    \u003Cdiv hidden id=\u0022calendar-26\u0022\n                   data-id=\u0022calendar-26\u0022\n                   class=\u0022silpc-calendar-events\u0022\u003E\n                                  \u003Cdiv class=\u0022silpc-calendar-event\u0022\u003E\n                    \n          \n\u003Carticle class=\u0022node node--type-news-events node--view-mode-news-popup-calendar calendar-popup-event\u0022\u003E\n\n      \u003Cdiv style=\u0022background-color: #F5ADA8; color: #000000;\u0022 class=\u0022silpc-news-theme\u0022\u003ESensibilisation\u003C\/div\u003E\n  \n  \u003Cdiv class=\u0022silpc-news-content\u0022\u003E\n    \u003Ca href=\u0022\/ressources\/sensibilisation-les-textures-30\u0022 class=\u0022silpc-news-link silpc-news-title automatic-title\u0022\u003E\n      \u003Cspan class=\u0022field field--name-title field--type-string field--label-hidden\u0022\u003ESensibilisation \u0026quot;Les textures\u0026quot;\u003C\/span\u003E\n\n      \u003Cspan role=\u0022presentation\u0022 aria-hidden=\u0022true\u0022 class=\u0022silpc-read-more read-more-icon\u0022\u003E\u003C\/span\u003E\n    \u003C\/a\u003E\n\n          \u003Cdiv\n  class=\u0022silpc-news-dates-inline color-primary font-primary-regular t-size-body\u0022\u003E\n  26 Oct 2026\n  \u003C\/div\u003E\n\n      \u003C\/div\u003E\n\n\u003C\/article\u003E\n\n                  \u003C\/div\u003E\n                              \u003C\/div\u003E\n            \n          \u003C\/div\u003E\n\n\n        \u003C\/td\u003E\n\n                \n              \n                \n        \n\n                \u003Ctd class=\u0022silpc-calendar-cell has-points bg-secondary-hover color-white-hover\u0022\u003E\n\n          \n          \u003Cdiv class=\u0022silpc-calendar-cell-content\u0022\u003E\n            \n                        \u003Cbutton data-id=\u0022calendar-27\u0022\n                    aria-expanded=\u0022false\u0022\n                    aria-controls=\u0022calendar-27\u0022\u003E              27\n              \u003Cspan class=\u0022visually-hidden\u0022\u003Eoctobre 2026\u003C\/span\u003E\n\n                              \u003Cspan class=\u0022silpc-calendar-points\u0022 aria-hidden=\u0022true\u0022\u003E\n                                                      \u003Cspan\n                      class=\u0022silpc-calendar-point silpc-calendar-point-blank\u0022\n                      aria-hidden=\u0022true\u0022\u003E\u003C\/span\u003E\n                                                                                                                \u003Cspan data-nid=\u0022883\u0022 class=\u0022silpc-calendar-point silpc-calendar-point-start silpc-calendar-point-end\u0022\n                          aria-hidden=\u0022true\u0022\n                          style=\u0022background-color: #F5ADA8;\u0022\u003E\u003C\/span\u003E\n                                                \u003C\/span\u003E\n                                          \u003C\/button\u003E\n            \n\n                                                    \u003Cdiv hidden id=\u0022calendar-27\u0022\n                   data-id=\u0022calendar-27\u0022\n                   class=\u0022silpc-calendar-events\u0022\u003E\n                                  \u003Cdiv class=\u0022silpc-calendar-event\u0022\u003E\n                    \n          \n\u003Carticle class=\u0022node node--type-news-events node--view-mode-news-popup-calendar calendar-popup-event\u0022\u003E\n\n      \u003Cdiv style=\u0022background-color: #F5ADA8; color: #000000;\u0022 class=\u0022silpc-news-theme\u0022\u003ESensibilisation\u003C\/div\u003E\n  \n  \u003Cdiv class=\u0022silpc-news-content\u0022\u003E\n    \u003Ca href=\u0022\/ressources\/sensibilisation-les-textures-31\u0022 class=\u0022silpc-news-link silpc-news-title automatic-title\u0022\u003E\n      \u003Cspan class=\u0022field field--name-title field--type-string field--label-hidden\u0022\u003ESensibilisation \u0026quot;Les textures\u0026quot;\u003C\/span\u003E\n\n      \u003Cspan role=\u0022presentation\u0022 aria-hidden=\u0022true\u0022 class=\u0022silpc-read-more read-more-icon\u0022\u003E\u003C\/span\u003E\n    \u003C\/a\u003E\n\n          \u003Cdiv\n  class=\u0022silpc-news-dates-inline color-primary font-primary-regular t-size-body\u0022\u003E\n  27 Oct 2026\n  \u003C\/div\u003E\n\n      \u003C\/div\u003E\n\n\u003C\/article\u003E\n\n                  \u003C\/div\u003E\n                              \u003C\/div\u003E\n            \n          \u003C\/div\u003E\n\n\n        \u003C\/td\u003E\n\n                \n              \n                \n        \n\n                \u003Ctd class=\u0022silpc-calendar-cell\u0022\u003E\n\n          \n          \u003Cdiv class=\u0022silpc-calendar-cell-content\u0022\u003E\n            \n                          28\n              \u003Cspan class=\u0022visually-hidden\u0022\u003Eoctobre 2026\u003C\/span\u003E\n\n                              \u003Cspan class=\u0022silpc-calendar-points\u0022 aria-hidden=\u0022true\u0022\u003E\n                                                      \u003Cspan\n                      class=\u0022silpc-calendar-point silpc-calendar-point-blank\u0022\n                      aria-hidden=\u0022true\u0022\u003E\u003C\/span\u003E\n                                                                        \u003Cspan\n                      class=\u0022silpc-calendar-point silpc-calendar-point-blank\u0022\n                      aria-hidden=\u0022true\u0022\u003E\u003C\/span\u003E\n                                                \u003C\/span\u003E\n                          \n\n                        \n          \u003C\/div\u003E\n\n\n        \u003C\/td\u003E\n\n                \n              \n                \n        \n\n                \u003Ctd class=\u0022silpc-calendar-cell\u0022\u003E\n\n          \n          \u003Cdiv class=\u0022silpc-calendar-cell-content\u0022\u003E\n            \n                          29\n              \u003Cspan class=\u0022visually-hidden\u0022\u003Eoctobre 2026\u003C\/span\u003E\n\n                              \u003Cspan class=\u0022silpc-calendar-points\u0022 aria-hidden=\u0022true\u0022\u003E\n                                                      \u003Cspan\n                      class=\u0022silpc-calendar-point silpc-calendar-point-blank\u0022\n                      aria-hidden=\u0022true\u0022\u003E\u003C\/span\u003E\n                                                                        \u003Cspan\n                      class=\u0022silpc-calendar-point silpc-calendar-point-blank\u0022\n                      aria-hidden=\u0022true\u0022\u003E\u003C\/span\u003E\n                                                \u003C\/span\u003E\n                          \n\n                        \n          \u003C\/div\u003E\n\n\n        \u003C\/td\u003E\n\n                \n              \n                \n        \n\n                \u003Ctd class=\u0022silpc-calendar-cell\u0022\u003E\n\n          \n          \u003Cdiv class=\u0022silpc-calendar-cell-content\u0022\u003E\n            \n                          30\n              \u003Cspan class=\u0022visually-hidden\u0022\u003Eoctobre 2026\u003C\/span\u003E\n\n                              \u003Cspan class=\u0022silpc-calendar-points\u0022 aria-hidden=\u0022true\u0022\u003E\n                                                      \u003Cspan\n                      class=\u0022silpc-calendar-point silpc-calendar-point-blank\u0022\n                      aria-hidden=\u0022true\u0022\u003E\u003C\/span\u003E\n                                                                        \u003Cspan\n                      class=\u0022silpc-calendar-point silpc-calendar-point-blank\u0022\n                      aria-hidden=\u0022true\u0022\u003E\u003C\/span\u003E\n                                                \u003C\/span\u003E\n                          \n\n                        \n          \u003C\/div\u003E\n\n\n        \u003C\/td\u003E\n\n                \n              \n                \n        \n\n                \u003Ctd class=\u0022silpc-calendar-cell\u0022\u003E\n\n          \n          \u003Cdiv class=\u0022silpc-calendar-cell-content\u0022\u003E\n            \n                          31\n              \u003Cspan class=\u0022visually-hidden\u0022\u003Eoctobre 2026\u003C\/span\u003E\n\n                              \u003Cspan class=\u0022silpc-calendar-points\u0022 aria-hidden=\u0022true\u0022\u003E\n                                                      \u003Cspan\n                      class=\u0022silpc-calendar-point silpc-calendar-point-blank\u0022\n                      aria-hidden=\u0022true\u0022\u003E\u003C\/span\u003E\n                                                                        \u003Cspan\n                      class=\u0022silpc-calendar-point silpc-calendar-point-blank\u0022\n                      aria-hidden=\u0022true\u0022\u003E\u003C\/span\u003E\n                                                \u003C\/span\u003E\n                          \n\n                        \n          \u003C\/div\u003E\n\n\n        \u003C\/td\u003E\n\n                \n              \n                \n        \n\n                \u003Ctd class=\u0022silpc-calendar-cell silpc-calendar-cell-othermonth bg-gray-lighter\u0022\u003E\n\n          \n          \u003Cdiv class=\u0022silpc-calendar-cell-content\u0022\u003E\n            \n                          01\n              \u003Cspan class=\u0022visually-hidden\u0022\u003Enovembre 2026\u003C\/span\u003E\n\n                              \u003Cspan class=\u0022silpc-calendar-points\u0022 aria-hidden=\u0022true\u0022\u003E\n                                                      \u003Cspan\n                      class=\u0022silpc-calendar-point silpc-calendar-point-blank\u0022\n                      aria-hidden=\u0022true\u0022\u003E\u003C\/span\u003E\n                                                                        \u003Cspan\n                      class=\u0022silpc-calendar-point silpc-calendar-point-blank\u0022\n                      aria-hidden=\u0022true\u0022\u003E\u003C\/span\u003E\n                                                \u003C\/span\u003E\n                          \n\n                        \n          \u003C\/div\u003E\n\n\n        \u003C\/td\u003E\n\n                          \u003C\/tr\u003E\n        \n            \u003C\/tbody\u003E\n      \u003C\/table\u003E\n\n\u003C\/div\u003E\n","settings":null}]